{"id":4277,"date":"2018-11-04T10:36:22","date_gmt":"2018-11-04T10:36:22","guid":{"rendered":"http:\/\/www.ms-sf.net\/hp\/?p=4277"},"modified":"2025-11-05T09:56:48","modified_gmt":"2025-11-05T09:56:48","slug":"aller-anfang-ist-klein","status":"publish","type":"post","link":"https:\/\/www.ms-sf.net\/de\/aller-anfang-ist-klein\/","title":{"rendered":"Aller Anfang ist&#8230;klein"},"content":{"rendered":"<p>Das Jubil\u00e4umsjahr der Mittelschule Sonthofen neigt sich dem Ende entgegen und wird am 29.11.2018 mit einem Festakt im Haus Oberallg\u00e4u einen weiteren und auch abschlie\u00dfenden H\u00f6hepunkt erleben.<br \/>\nZuvor bekam die Schule aber noch ein &#8222;bleibendes Geschenk&#8220;: Die Stadt Sonthofen schenkte der Schule einen eigenen Jubil\u00e4umsbaum!<br \/>\nWas lag n\u00e4her, als daf\u00fcr den Baum des Jahres 2018 auszuw\u00e4hlen: eine Ess-Kastanie.<br \/>\n<a href=\"http:\/\/www.ms-sf.net\/hp\/wp-content\/uploads\/2018\/11\/1-3.jpg\"><img loading=\"lazy\" decoding=\"async\" class=\"alignnone size-large wp-image-4282\" src=\"http:\/\/www.ms-sf.net\/hp\/wp-content\/uploads\/2018\/11\/1-3-1024x684.jpg\" alt=\"\" width=\"960\" height=\"641\"><\/a>Kurz vor den Herbstferien war es soweit. Nach l\u00e4ngerer Standortsuche und der Wahl des richtigen Baumes r\u00fcckte Andreas Gindhardt vom st\u00e4dtischen Bauhof schlie\u00dflich mit dem passenden Know-How und Werkzeug an.<br \/>\n<a href=\"http:\/\/www.ms-sf.net\/hp\/wp-content\/uploads\/2018\/11\/2018_10_BaumpflanzungMSSF4.jpg\"><img loading=\"lazy\" decoding=\"async\" class=\"alignnone size-large wp-image-4270\" src=\"http:\/\/www.ms-sf.net\/hp\/wp-content\/uploads\/2018\/11\/2018_10_BaumpflanzungMSSF4-1024x684.jpg\" alt=\"\" width=\"960\" height=\"641\"><\/a> <a href=\"http:\/\/www.ms-sf.net\/hp\/wp-content\/uploads\/2018\/11\/2018_10_BaumpflanzungMSSF3.jpg\"><img loading=\"lazy\" decoding=\"async\" class=\"alignnone size-large wp-image-4269\" src=\"http:\/\/www.ms-sf.net\/hp\/wp-content\/uploads\/2018\/11\/2018_10_BaumpflanzungMSSF3-1024x684.jpg\" alt=\"\" width=\"960\" height=\"641\"><\/a><br \/>\nKurz vor der Pause versammelte sich die ganze Schulfamilie, um dem neuen Gew\u00e4chs die Ehre zu erweisen. Gleiches taten B\u00fcrgermeister Christian Wilhelm und Stadtrat Michael Borth.<br \/>\n<a href=\"http:\/\/www.ms-sf.net\/hp\/wp-content\/uploads\/2018\/11\/2018_10_BaumpflanzungMSSF5.jpg\"><img loading=\"lazy\" decoding=\"async\" class=\"alignnone size-large wp-image-4271\" src=\"http:\/\/www.ms-sf.net\/hp\/wp-content\/uploads\/2018\/11\/2018_10_BaumpflanzungMSSF5-1024x684.jpg\" alt=\"\" width=\"960\" height=\"641\"><\/a> <a href=\"http:\/\/www.ms-sf.net\/hp\/wp-content\/uploads\/2018\/11\/2018_10_BaumpflanzungMSSF8.jpg\"><img loading=\"lazy\" decoding=\"async\" class=\"alignnone size-large wp-image-4274\" src=\"http:\/\/www.ms-sf.net\/hp\/wp-content\/uploads\/2018\/11\/2018_10_BaumpflanzungMSSF8-1024x684.jpg\" alt=\"\" width=\"960\" height=\"641\"><\/a><br \/>\nSch\u00fclerInnen der 10. Klassen informierten die ZuschauerInnen mit zahlreichen Fakten zur Ess-Kastanie. So erfuhren sie, dass der Laubbaum bis zu 30 m hoch werden kann und die Kastanien &#8211; auch Maronen genannt &#8211; urspr\u00fcnglich von den R\u00f6mern nach Europa gebracht wurde. Gindhardt wies noch darauf hin, dass der Baum eigentlich &#8222;mehr W\u00e4rme braucht, aber das Klima wandelt sich, es wird ja leider w\u00e4rmer.&#8220;<br \/>\n<a href=\"http:\/\/www.ms-sf.net\/hp\/wp-content\/uploads\/2018\/11\/2018_10_BaumpflanzungMSSF7.jpg\"><img loading=\"lazy\" decoding=\"async\" class=\"alignnone size-large wp-image-4273\" src=\"http:\/\/www.ms-sf.net\/hp\/wp-content\/uploads\/2018\/11\/2018_10_BaumpflanzungMSSF7-1024x684.jpg\" alt=\"\" width=\"960\" height=\"641\"><\/a> <a href=\"http:\/\/www.ms-sf.net\/hp\/wp-content\/uploads\/2018\/11\/2018_10_BaumpflanzungMSSF6.jpg\"><img loading=\"lazy\" decoding=\"async\" class=\"alignnone size-large wp-image-4272\" src=\"http:\/\/www.ms-sf.net\/hp\/wp-content\/uploads\/2018\/11\/2018_10_BaumpflanzungMSSF6-1024x684.jpg\" alt=\"\" width=\"960\" height=\"641\"><\/a><br \/>\nGemeinsam ging es dann an die Schaufeln, um dem neuen Mitglied auf dem Pausenhof einen guten und n\u00e4hrstoffreichen Start zu erm\u00f6glichen.<br \/>\n<a href=\"http:\/\/www.ms-sf.net\/hp\/wp-content\/uploads\/2018\/11\/2018_10_BaumpflanzungMSSF9.jpg\"><img loading=\"lazy\" decoding=\"async\" class=\"alignnone size-large wp-image-4275\" src=\"http:\/\/www.ms-sf.net\/hp\/wp-content\/uploads\/2018\/11\/2018_10_BaumpflanzungMSSF9-1024x684.jpg\" alt=\"\" width=\"960\" height=\"641\"><\/a><br \/>\n<a href=\"http:\/\/www.ms-sf.net\/hp\/wp-content\/uploads\/2018\/11\/Baum3klein.jpg\"><img loading=\"lazy\" decoding=\"async\" class=\"alignnone size-large wp-image-4295\" src=\"http:\/\/www.ms-sf.net\/hp\/wp-content\/uploads\/2018\/11\/Baum3klein-1024x824.jpg\" alt=\"\" width=\"960\" height=\"773\"><\/a> <a href=\"http:\/\/www.ms-sf.net\/hp\/wp-content\/uploads\/2018\/11\/Baum2klein.jpg\"><img loading=\"lazy\" decoding=\"async\" class=\"alignnone size-large wp-image-4296\" src=\"http:\/\/www.ms-sf.net\/hp\/wp-content\/uploads\/2018\/11\/Baum2klein-683x1024.jpg\" alt=\"\" width=\"683\" height=\"1024\"><\/a>Andreas Gindhardt rammte noch die St\u00fctzpfosten in den Boden, sodass die folgenden Herbstst\u00fcrme den Neuling nicht gleich aus der Bahn werfen.<br \/>\n<a href=\"http:\/\/www.ms-sf.net\/hp\/wp-content\/uploads\/2018\/11\/2018_10_BaumpflanzungMSSF10.jpg\"><img loading=\"lazy\" decoding=\"async\" class=\"alignnone size-large wp-image-4276\" src=\"http:\/\/www.ms-sf.net\/hp\/wp-content\/uploads\/2018\/11\/2018_10_BaumpflanzungMSSF10-685x1024.jpg\" alt=\"\" width=\"685\" height=\"1024\"><\/a>Die Mittelschule Sonthofen bedankt sich herzlich bei allen, die die Aktion m\u00f6glich gemacht haben und freut sich schon jetzt auf die &#8222;hei\u00dfen Maroni&#8220;&#8230;in zehn Jahren.<br \/>\n&nbsp;<\/p>\n","protected":false},"excerpt":{"rendered":"<p>Das Jubil\u00e4umsjahr der Mittelschule Sonthofen neigt sich dem Ende entgegen und wird am 29.11.2018 mit einem Festakt im Haus Oberallg\u00e4u einen weiteren und auch abschlie\u00dfenden H\u00f6hepunkt erleben. Zuvor bekam die Schule aber noch ein &#8222;bleibendes Geschenk&#8220;: Die Stadt Sonthofen schenkte der Schule einen eigenen Jubil\u00e4umsbaum! Was lag n\u00e4her, als daf\u00fcr den Baum des Jahres 2018 [&hellip;]<\/p>\n","protected":false},"author":14,"featured_media":142479,"comment_status":"closed","ping_status":"open","sticky":false,"template":"","format":"standard","meta":{"footnotes":""},"categories":[634,527],"tags":[],"class_list":["post-4277","post","type-post","status-publish","format-standard","has-post-thumbnail","hentry","category-gute-beitraege","category-nachrichten"],"_links":{"self":[{"href":"https:\/\/www.ms-sf.net\/de\/wp-json\/wp\/v2\/posts\/4277","targetHints":{"allow":["GET"]}}],"collection":[{"href":"https:\/\/www.ms-sf.net\/de\/wp-json\/wp\/v2\/posts"}],"about":[{"href":"https:\/\/www.ms-sf.net\/de\/wp-json\/wp\/v2\/types\/post"}],"author":[{"embeddable":true,"href":"https:\/\/www.ms-sf.net\/de\/wp-json\/wp\/v2\/users\/14"}],"replies":[{"embeddable":true,"href":"https:\/\/www.ms-sf.net\/de\/wp-json\/wp\/v2\/comments?post=4277"}],"version-history":[{"count":1,"href":"https:\/\/www.ms-sf.net\/de\/wp-json\/wp\/v2\/posts\/4277\/revisions"}],"predecessor-version":[{"id":144476,"href":"https:\/\/www.ms-sf.net\/de\/wp-json\/wp\/v2\/posts\/4277\/revisions\/144476"}],"wp:featuredmedia":[{"embeddable":true,"href":"https:\/\/www.ms-sf.net\/de\/wp-json\/wp\/v2\/media\/142479"}],"wp:attachment":[{"href":"https:\/\/www.ms-sf.net\/de\/wp-json\/wp\/v2\/media?parent=4277"}],"wp:term":[{"taxonomy":"category","embeddable":true,"href":"https:\/\/www.ms-sf.net\/de\/wp-json\/wp\/v2\/categories?post=4277"},{"taxonomy":"post_tag","embeddable":true,"href":"https:\/\/www.ms-sf.net\/de\/wp-json\/wp\/v2\/tags?post=4277"}],"curies":[{"name":"wp","href":"https:\/\/api.w.org\/{rel}","templated":true}]}}